{"id":7413,"date":"2021-04-16T11:42:48","date_gmt":"2021-04-16T09:42:48","guid":{"rendered":"https:\/\/neomusica.es\/blog\/?p=7413"},"modified":"2022-12-16T13:01:08","modified_gmt":"2022-12-16T12:01:08","slug":"la-armonica-de-cristal","status":"publish","type":"post","link":"https:\/\/neomusica.es\/blog\/la-armonica-de-cristal\/","title":{"rendered":"\u00bfQU\u00c9 SABES SOBRE LA ARM\u00d3NICA DE CRISTAL?"},"content":{"rendered":"\n<div id=\"ez-toc-container\" class=\"ez-toc-v2_0_80 counter-hierarchy ez-toc-counter ez-toc-custom ez-toc-container-direction\">\n<p class=\"ez-toc-title\" style=\"cursor:inherit\">TABLA DE CONTENIDOS<\/p>\n<label for=\"ez-toc-cssicon-toggle-item-69f4ec30b9d7b\" class=\"ez-toc-cssicon-toggle-label\"><span class=\"\"><span class=\"eztoc-hide\" style=\"display:none;\">Toggle<\/span><span class=\"ez-toc-icon-toggle-span\"><svg style=\"fill: #b69623;color:#b69623\" xmlns=\"http:\/\/www.w3.org\/2000\/svg\" class=\"list-377408\" width=\"20px\" height=\"20px\" viewBox=\"0 0 24 24\" fill=\"none\"><path d=\"M6 6H4v2h2V6zm14 0H8v2h12V6zM4 11h2v2H4v-2zm16 0H8v2h12v-2zM4 16h2v2H4v-2zm16 0H8v2h12v-2z\" fill=\"currentColor\"><\/path><\/svg><svg style=\"fill: #b69623;color:#b69623\" class=\"arrow-unsorted-368013\" xmlns=\"http:\/\/www.w3.org\/2000\/svg\" width=\"10px\" height=\"10px\" viewBox=\"0 0 24 24\" version=\"1.2\" baseProfile=\"tiny\"><path d=\"M18.2 9.3l-6.2-6.3-6.2 6.3c-.2.2-.3.4-.3.7s.1.5.3.7c.2.2.4.3.7.3h11c.3 0 .5-.1.7-.3.2-.2.3-.5.3-.7s-.1-.5-.3-.7zM5.8 14.7l6.2 6.3 6.2-6.3c.2-.2.3-.5.3-.7s-.1-.5-.3-.7c-.2-.2-.4-.3-.7-.3h-11c-.3 0-.5.1-.7.3-.2.2-.3.5-.3.7s.1.5.3.7z\"\/><\/svg><\/span><\/span><\/label><input type=\"checkbox\"  id=\"ez-toc-cssicon-toggle-item-69f4ec30b9d7b\" checked aria-label=\"Alternar\" \/><nav><ul class='ez-toc-list ez-toc-list-level-1 ' ><li class='ez-toc-page-1 ez-toc-heading-level-2'><a class=\"ez-toc-link ez-toc-heading-1\" href=\"https:\/\/neomusica.es\/blog\/la-armonica-de-cristal\/#Origen_de_la_armonica_de_cristal\" >Origen de la arm\u00f3nica de cristal<\/a><\/li><li class='ez-toc-page-1 ez-toc-heading-level-2'><a class=\"ez-toc-link ez-toc-heading-2\" href=\"https:\/\/neomusica.es\/blog\/la-armonica-de-cristal\/#Composicion_y_funcionamiento_de_la_armonica_de_cristal\" >Composici\u00f3n y funcionamiento de la arm\u00f3nica de cristal<\/a><\/li><li class='ez-toc-page-1 ez-toc-heading-level-2'><a class=\"ez-toc-link ez-toc-heading-3\" href=\"https:\/\/neomusica.es\/blog\/la-armonica-de-cristal\/#Problemas_de_la_armonica_de_vidrio\" >Problemas de la arm\u00f3nica de vidrio&nbsp;<\/a><\/li><li class='ez-toc-page-1 ez-toc-heading-level-2'><a class=\"ez-toc-link ez-toc-heading-4\" href=\"https:\/\/neomusica.es\/blog\/la-armonica-de-cristal\/#%C2%BFQue_ha_sido_de_la_armonica_de_cristal\" >\u00bfQue ha sido de la arm\u00f3nica de cristal?<\/a><ul class='ez-toc-list-level-3' ><li class='ez-toc-heading-level-3'><a class=\"ez-toc-link ez-toc-heading-5\" href=\"https:\/\/neomusica.es\/blog\/la-armonica-de-cristal\/#Thomas_Bloch\" >Thomas Bloch<\/a><\/li><li class='ez-toc-page-1 ez-toc-heading-level-3'><a class=\"ez-toc-link ez-toc-heading-6\" href=\"https:\/\/neomusica.es\/blog\/la-armonica-de-cristal\/#Thomas_Bloch_y_La_opera_Lucia_di_Lammermoor_de_Donizetti\" >Thomas Bloch y La \u00f3pera Lucia di Lammermoor, de Donizetti&nbsp;<\/a><\/li><li class='ez-toc-page-1 ez-toc-heading-level-3'><a class=\"ez-toc-link ez-toc-heading-7\" href=\"https:\/\/neomusica.es\/blog\/la-armonica-de-cristal\/#Dennis_James\" >Dennis James<\/a><\/li><li class='ez-toc-page-1 ez-toc-heading-level-3'><a class=\"ez-toc-link ez-toc-heading-8\" href=\"https:\/\/neomusica.es\/blog\/la-armonica-de-cristal\/#William_Zeitler\" >William Zeitler<\/a><\/li><\/ul><\/li><\/ul><\/nav><\/div>\n<h2 class=\"wp-block-heading\"><span class=\"ez-toc-section\" id=\"Origen_de_la_armonica_de_cristal\"><\/span><b>Origen de la arm\u00f3nica de cristal<\/b><span class=\"ez-toc-section-end\"><\/span><\/h2>\n\n\n\n<p><span style=\"font-weight: 400;\">Seg\u00fan <\/span><b>la definici\u00f3n de idi\u00f3fono,<\/b><span style=\"font-weight: 400;\"> se trata de un tipo de instrumento que utiliza su propio cuerpo como sistema de razonamiento para generar sonido, sin recurrir a cuerdas, membranas o cualquier otro elemento similar.&nbsp;<\/span><\/p>\n\n\n\n<p><span style=\"font-weight: 400;\">Dicho esto, uno de los instrumentos idi\u00f3fonos que hemos tenido el gusto de escuchar durante muchos a\u00f1os, y que quiz\u00e1s no sea uno de los m\u00e1s conocidos pese a tener una historia incre\u00edble un <\/span><b>sonido m\u00e1gico, celestial y angelical, es la arm\u00f3nica de cristal.<\/b><\/p>\n\n\n\n<p><span style=\"font-weight: 400;\">Este magn\u00edfico instrumento fue concebido en el <\/span><b>a\u00f1o 1760<\/b><span style=\"font-weight: 400;\"> por un famoso <\/span><b>pol\u00edtico y cient\u00edfico <\/b><span style=\"font-weight: 400;\">adem\u00e1s de<\/span><b> inventor<\/b><span style=\"font-weight: 400;\">. Hablamos de uno de los mism\u00edsimo <\/span><b>fundadores de EEUU<\/b><span style=\"font-weight: 400;\">, el estadounidense, <\/span><b>Benjam\u00edn Franklin.<\/b><\/p>\n\n\n\n<p><span style=\"font-weight: 400;\">La idea originaria de Franklin surge tras asistir a un concierto de copas de vino llenadas con agua celebrado en Cambridge e interpretado por el brit\u00e1nico Edward Delaval.<\/span><\/p>\n\n\n\n<p><span style=\"font-weight: 400;\">Hay que matizar, que realmente, <\/span><b>Benjam\u00edn \u00fanicamente automatiz\u00f3 y perfeccion\u00f3 algo que ya exist\u00eda<\/b><span style=\"font-weight: 400;\">. Fue el detonante previo a que el instrumento se fuera popularizando con los a\u00f1os e incluso mejorando m\u00e1s a\u00fan, con <\/span><b>aportaciones como las de Richard Pockrich<\/b><span style=\"font-weight: 400;\">, quien desarroll\u00f3 un <\/span><b>sistema m\u00e1s sofisticado<\/b><span style=\"font-weight: 400;\"> para la arm\u00f3nica de cristal.<\/span><\/p>\n\n\n\n<p><span style=\"font-weight: 400;\">Se conoce que tiempo despu\u00e9s, <\/span><b>Marianne Davies<\/b><span style=\"font-weight: 400;\">, ser\u00eda la <\/span><b>primera m\u00fasico profesional en tocar la arm\u00f3nica de vidrio<\/b><span style=\"font-weight: 400;\">. Esta actuaba <\/span><b>junto a su joven hermana Cecilia Davies<\/b><span style=\"font-weight: 400;\">, la cual era soprano cl\u00e1sica en conciertos y \u00f3peras.<\/span><\/p>\n\n\n\n<p><span style=\"font-weight: 400;\">Fue entre <\/span><b>giras por Europa<\/b><span style=\"font-weight: 400;\">, donde ambas artistas tuvieron el gusto de conocer al famoso m\u00fasico compositor, <\/span><b>Wolfgang Amadeus Mozart<\/b><span style=\"font-weight: 400;\">. Este asisti\u00f3 a una de las actuaciones de las hermanas Davies, donde <\/span><b>qued\u00f3 prendado por el instrumento <\/b><span style=\"font-weight: 400;\">que luego utilizar\u00eda en sus propias obras musicales.<\/span><\/p>\n\n\n\n<p><span style=\"font-weight: 400;\">Por supuesto, Mozart no fue el \u00fanico en mostrar inter\u00e9s por la arm\u00f3nica de cristal. Otros grandes compositores como <\/span><span style=\"font-weight: 400;\">&nbsp;<\/span><b>Beethoven, Carl Philipp Emmanuel Bach, Richard Strauss\u2026 <\/b><span style=\"font-weight: 400;\">compusieron obras para este instrumento.<\/span><\/p>\n\n\n\n<p><span style=\"font-weight: 400;\">De hecho se utiliz\u00f3 tambi\u00e9n para realizar <\/span><b>actos espirituales, de ilusionismo y fantasmagor\u00eda<\/b><span style=\"font-weight: 400;\"> desde finales del siglo XVIII, muchos de ellos protagonizados por el f\u00edsico y \u201cmago\u201d belga <\/span><b>\u00c9tienne-Gaspard Robertson.<\/b><\/p>\n\n\n\n<h2 class=\"wp-block-heading\"><span class=\"ez-toc-section\" id=\"Composicion_y_funcionamiento_de_la_armonica_de_cristal\"><\/span><b>Composici\u00f3n y funcionamiento de la arm\u00f3nica de cristal<\/b><span class=\"ez-toc-section-end\"><\/span><\/h2>\n\n\n\n<p><span style=\"font-weight: 400;\">La arm\u00f3nica de vidrio, conocida en ingl\u00e9s como \u201c<\/span><b>glassharmonica\u201d<\/b><span style=\"font-weight: 400;\">, est\u00e1 formada por un conjunto de <\/span><b>platos, tarros de cristal o vasos semiesf\u00e9ricos de diferentes dimensiones<\/b><span style=\"font-weight: 400;\"> y colocados de forma superpuesta y horizontalmente, que desempe\u00f1an la funci\u00f3n de <\/span><b>resonancia<\/b><span style=\"font-weight: 400;\">. <\/span><\/p>\n\n\n\n<p><span style=\"font-weight: 400;\">Estos elementos son <\/span><b>atravesados por un eje que a su vez est\u00e1 conectado a un pedal <\/b><span style=\"font-weight: 400;\">el cual rota mientras se toca el instrumento. A simple vista recuerda en cuanto a estructura a una m\u00e1quina de coser tradicional.<\/span><\/p>\n\n\n\n<p><span style=\"font-weight: 400;\">En cuanto al funcionamiento, la arm\u00f3nica de cristal requiere que se toquen los diferentes platos con las <strong>y<\/strong><\/span><b>emas de los dedos ligeramente mojadas<\/b><span style=\"font-weight: 400;\"> mientras se hace girar el eje con el pedal. As\u00ed se obtiene el caracter\u00edstico <\/span><b>sonido cristalino<\/b><span style=\"font-weight: 400;\"> de este instrumento.<\/span><\/p>\n\n\n\n<p><span style=\"font-weight: 400;\">Por todo ello, queda claro que la arm\u00f3nica de cristal <\/span><b>poco o nada tiene que ver con la arm\u00f3nica tradicional<\/b><span style=\"font-weight: 400;\">, que es un instrumento de viento madera y metal, pese a que el nombre pueda llevar a pensar que tienen relaci\u00f3n. Simplemente, <\/span><b>coinciden por el concepto \u201carmon\u00eda\u201d <\/b><span style=\"font-weight: 400;\">por el que ambos instrumentos destacan.<\/span><\/p>\n\n\n\n<h2 class=\"wp-block-heading\"><span class=\"ez-toc-section\" id=\"Problemas_de_la_armonica_de_vidrio\"><\/span><b>Problemas de la arm\u00f3nica de vidrio&nbsp;<\/b><span class=\"ez-toc-section-end\"><\/span><\/h2>\n\n\n\n<p><span style=\"font-weight: 400;\">La arm\u00f3nica de vidrio <\/span><b>fue prohibida y retirada<\/b><span style=\"font-weight: 400;\"> en varias zonas al producir <\/span><b>da\u00f1os y enfermedades a los m\u00fasicos que la tocaban<\/b><span style=\"font-weight: 400;\">. <\/span><\/p>\n\n\n\n<p><span style=\"font-weight: 400;\">Sin embargo, el aut\u00e9ntico responsable, era \u00fanicamente <\/span><b>el plomo<\/b><span style=\"font-weight: 400;\"> que se utilizaba en su composici\u00f3n, el cual <\/span><b>causaba plumbismo o saturnismo <\/b><span style=\"font-weight: 400;\">(una especie de envenenamiento del cuerpo humano) a m\u00fasicos que la tocaban con frecuencia durante muchos a\u00f1os seguidos. <\/span><\/p>\n\n\n\n<p><span style=\"font-weight: 400;\">As\u00ed pues, por motivos de salud, se decidi\u00f3 empezar a fabricar el instrumento \u00fanicamente con cristales y sin presencia de plomo.<\/span><\/p>\n\n\n\n<p><span style=\"font-weight: 400;\">Sin embargo, tambi\u00e9n se defend\u00eda que <\/span><b>la arm\u00f3nica de cristal conduc\u00eda a la depresi\u00f3n, desesperaci\u00f3n y la locura<\/b><span style=\"font-weight: 400;\">.. aunque esto no es algo que se pudiera probar con tanta seguridad.<\/span><\/p>\n\n\n\n<h2 class=\"wp-block-heading\"><span class=\"ez-toc-section\" id=\"%C2%BFQue_ha_sido_de_la_armonica_de_cristal\"><\/span><b>\u00bfQue ha sido de la arm\u00f3nica de cristal?<\/b><span class=\"ez-toc-section-end\"><\/span><\/h2>\n\n\n\n<p><span style=\"font-weight: 400;\">En la actualidad la arm\u00f3nica de cristal se ha convertido en <\/span><b>un instrumento poco conocido<\/b><span style=\"font-weight: 400;\">y<\/span><b>utilizado por muy pocos m\u00fasicos<\/b><span style=\"font-weight: 400;\">, en comparaci\u00f3n con la mayor\u00eda de instrumentos musicales que conocemos.<\/span><\/p>\n\n\n\n<p><span style=\"font-weight: 400;\">Durante los a\u00f1os que estuvo prohibida, por los problemas derivados del uso de plomo (en ocasiones pr\u00e1cticamente una cuarta parte del instrumento estaba estaba compuesta por este material) <\/span><b>la arm\u00f3nica de vidrio perdi\u00f3 popularidad.<\/b><\/p>\n\n\n\n<p><span style=\"font-weight: 400;\">Sin embargo, <\/span><b>la arm\u00f3nica de cristal remont\u00f3<\/b><span style=\"font-weight: 400;\"> m\u00ednimamente tras su \u201cadaptaci\u00f3n sanitaria\u201d que dejaba de utilizar el plomo, en favor de \u00fanicamente cristales, <\/span><b>sobre los a\u00f1os 80.&nbsp;<\/b><\/p>\n\n\n\n<p><span style=\"font-weight: 400;\">A\u00fan as\u00ed, a&nbsp; partir de aqu\u00ed, el nivel de producci\u00f3n de este instrumento ya no era el mismo que en el siglo XVIII en el que se fabricaron m\u00e1s de 4.000 arm\u00f3nicas de cristal hasta el a\u00f1o 1835 cuando se prohibi\u00f3. <\/span><\/p>\n\n\n\n<p><span style=\"font-weight: 400;\">\u00danicamente un profesional vidriero alem\u00e1n, <\/span><b>Gerhard Finkenbeiner<\/b><span style=\"font-weight: 400;\">, se aventur\u00f3 de nuevo con <\/span><b>la fabricaci\u00f3n del instrumento a partir del 1982 en Massachusetts<\/b><span style=\"font-weight: 400;\">.<\/span><\/p>\n\n\n\n<p><span style=\"font-weight: 400;\">Como podemos ver si probamos a hacer una b\u00fasqueda por internet, veremos que <\/span><b>no es muy f\u00e1cil hoy en d\u00eda adquirir este instrumento<\/b>,<span style=\"font-weight: 400;\"> adem\u00e1s de que el <\/span><b>precio puede alcanzar los 20.000 d\u00f3lares.&nbsp;<\/b><\/p>\n\n\n\n<p><span style=\"font-weight: 400;\">Posiblemente el <\/span><a href=\"https:\/\/www.finkenbeiner.com\/GLASSHARMONICA.htm\" target=\"_blank\" rel=\"noopener noreferrer\"><span style=\"font-weight: 400;\">taller de Finkenbeiner<\/span><\/a><span style=\"font-weight: 400;\"> sea de los pocos sitios donde siguen fabric\u00e1ndose, y honestamente, el sitio web no da demasiada confianza.<\/span><\/p>\n\n\n\n<p><span style=\"font-weight: 400;\">Por otro lado, vemos c\u00f3mo ha deca\u00eddo el inter\u00e9s por el instrumento, al observar que <\/span><b>no hay conservatorios donde se pueda aprender a tocar el instrumento<\/b>,<span style=\"font-weight: 400;\"> por lo que ha quedado <\/span><b>relegado \u00fanicamente a unos pocos<\/b><span style=\"font-weight: 400;\"> amantes incondicionales de su m\u00e1gico sonido. <\/span><\/p>\n\n\n\n<p><span style=\"font-weight: 400;\">Algunos de los m\u00fasicos<\/span><b>contempor\u00e1neos de rock, m\u00fasica electr\u00f3nica e incluso \u00f3pera<\/b><span style=\"font-weight: 400;\">que han contado en alguna ocasi\u00f3n con este instrumento celestial o que se dedican profesionalmente a \u00e9l podr\u00edan ser:<\/span><\/p>\n\n\n\n<h3 class=\"wp-block-heading\"><span class=\"ez-toc-section\" id=\"Thomas_Bloch\"><\/span><b>Thomas Bloch<\/b><span class=\"ez-toc-section-end\"><\/span><\/h3>\n\n\n\n<p><span style=\"font-weight: 400;\">Es una de las figuras m\u00e1s representativas de la arm\u00f3nica de cristal y uno de los mayores propulsores del instrumento. Ha colaborado con bandas de m\u00fasica mundialmente conocidas como <\/span><b>Radiohead, Gorillaz o Daft Punk<\/b><span style=\"font-weight: 400;\">.<\/span><\/p>\n\n\n\n<figure class=\"wp-block-embed is-type-video is-provider-youtube wp-block-embed-youtube wp-embed-aspect-16-9 wp-has-aspect-ratio\"><div class=\"wp-block-embed__wrapper\">\n<iframe loading=\"lazy\" title=\"L&#039;armonica de verre, comment \u00e7a marche ? - Thomas Bloch\" width=\"1500\" height=\"844\" src=\"https:\/\/www.youtube.com\/embed\/qVcf-ppfrw8?feature=oembed&#038;enablejsapi=1&#038;origin=https:\/\/neomusica.es\" frameborder=\"0\" allow=\"accelerometer; autoplay; clipboard-write; encrypted-media; gyroscope; picture-in-picture\" allowfullscreen><\/iframe>\n<\/div><\/figure>\n\n\n\n<h3 class=\"wp-block-heading\"><span class=\"ez-toc-section\" id=\"Thomas_Bloch_y_La_opera_Lucia_di_Lammermoor_de_Donizetti\"><\/span><b>Thomas Bloch y La \u00f3pera Lucia di Lammermoor, de Donizetti&nbsp;<\/b><span class=\"ez-toc-section-end\"><\/span><\/h3>\n\n\n\n<figure class=\"wp-block-embed is-type-video is-provider-youtube wp-block-embed-youtube wp-embed-aspect-16-9 wp-has-aspect-ratio\"><div class=\"wp-block-embed__wrapper\">\n<iframe loading=\"lazy\" title=\"Lucia di Lammermoor &amp; The Glass Harmonica\" width=\"1500\" height=\"844\" src=\"https:\/\/www.youtube.com\/embed\/PK_2W5CSzPE?feature=oembed&#038;enablejsapi=1&#038;origin=https:\/\/neomusica.es\" frameborder=\"0\" allow=\"accelerometer; autoplay; clipboard-write; encrypted-media; gyroscope; picture-in-picture\" allowfullscreen><\/iframe>\n<\/div><\/figure>\n\n\n\n<h3 class=\"wp-block-heading\"><span class=\"ez-toc-section\" id=\"Dennis_James\"><\/span><b>Dennis James<\/b><span class=\"ez-toc-section-end\"><\/span><\/h3>\n\n\n\n<figure class=\"wp-block-embed is-type-video is-provider-youtube wp-block-embed-youtube wp-embed-aspect-16-9 wp-has-aspect-ratio\"><div class=\"wp-block-embed__wrapper\">\n<iframe loading=\"lazy\" title=\"Adagio for Glass Harmonica, K  356, Wolfgang Amadeus Mozart (1756-1791)\" width=\"1500\" height=\"844\" src=\"https:\/\/www.youtube.com\/embed\/QkTUL7DjTow?feature=oembed&#038;enablejsapi=1&#038;origin=https:\/\/neomusica.es\" frameborder=\"0\" allow=\"accelerometer; autoplay; clipboard-write; encrypted-media; gyroscope; picture-in-picture\" allowfullscreen><\/iframe>\n<\/div><\/figure>\n\n\n\n<h3 class=\"wp-block-heading\"><span class=\"ez-toc-section\" id=\"William_Zeitler\"><\/span><b>William Zeitler<\/b><span class=\"ez-toc-section-end\"><\/span><\/h3>\n\n\n\n<figure class=\"wp-block-embed is-type-video is-provider-youtube wp-block-embed-youtube wp-embed-aspect-16-9 wp-has-aspect-ratio\"><div class=\"wp-block-embed__wrapper\">\n<iframe loading=\"lazy\" title=\"&#039;The Last Transit of Venus&#039; for Glass Armonica\" width=\"1500\" height=\"844\" src=\"https:\/\/www.youtube.com\/embed\/4LP8QFR9Qvc?feature=oembed&#038;enablejsapi=1&#038;origin=https:\/\/neomusica.es\" frameborder=\"0\" allow=\"accelerometer; autoplay; clipboard-write; encrypted-media; gyroscope; picture-in-picture\" allowfullscreen><\/iframe>\n<\/div><\/figure>\n\n\n\n<p><span style=\"font-weight: 400;\">Por otro lado, m\u00fasicos de la talla de <\/span><b>John Cage, Bj\u00f6rk Arthur H o Tom Waits<\/b><span style=\"font-weight: 400;\"> se han sentido muy atra\u00eddos por los encantos de este maravilloso instrumento musical y han llegado a incluirlo en alguna de sus canciones.<\/span><\/p>\n\n\n\n<hr class=\"wp-block-separator has-css-opacity\"\/>\n\n\n\n<p><span style=\"font-weight: 400;\">Y esta ha sido solo una peque\u00f1a retrospectiva de la historia de un instrumento musical que ha pasado desapercibido durante las \u00faltimas d\u00e9cadas. <\/span><\/p>\n\n\n\n<p><span style=\"font-weight: 400;\">Un instrumento que tuvo la mala suerte de ser asociado en ocasiones, con aspectos negativos como la locura o la enfermedad, y que sin embargo, tiene potencial como para remontar y volver a convertirse en un incre\u00edble acompa\u00f1amiento, en este caso de la m\u00fasica contempor\u00e1nea.<\/span><\/p>\n\n\n\n<p><span style=\"font-weight: 400;\">&nbsp;\u00bfQui\u00e9n sabe? Quiz\u00e1s este \u201cpost\u201d ayude en el proceso para popularizarla de nuevo\u2026<\/span><\/p>\n","protected":false},"excerpt":{"rendered":"<p>Origen de la arm\u00f3nica de cristal Seg\u00fan la definici\u00f3n de idi\u00f3fono, se trata de un tipo de instrumento que utiliza su propio cuerpo como sistema de razonamiento para generar sonido, sin recurrir a cuerdas, membranas o cualquier otro elemento similar.&nbsp;&#8230;<\/p>\n","protected":false},"author":6,"featured_media":7417,"comment_status":"open","ping_status":"open","sticky":false,"template":"","format":"standard","meta":{"_joinchat":[],"footnotes":""},"categories":[46],"tags":[],"class_list":["post-7413","post","type-post","status-publish","format-standard","has-post-thumbnail","hentry","category-instrumentos-musicales"],"_links":{"self":[{"href":"https:\/\/neomusica.es\/blog\/wp-json\/wp\/v2\/posts\/7413","targetHints":{"allow":["GET"]}}],"collection":[{"href":"https:\/\/neomusica.es\/blog\/wp-json\/wp\/v2\/posts"}],"about":[{"href":"https:\/\/neomusica.es\/blog\/wp-json\/wp\/v2\/types\/post"}],"author":[{"embeddable":true,"href":"https:\/\/neomusica.es\/blog\/wp-json\/wp\/v2\/users\/6"}],"replies":[{"embeddable":true,"href":"https:\/\/neomusica.es\/blog\/wp-json\/wp\/v2\/comments?post=7413"}],"version-history":[{"count":4,"href":"https:\/\/neomusica.es\/blog\/wp-json\/wp\/v2\/posts\/7413\/revisions"}],"predecessor-version":[{"id":8896,"href":"https:\/\/neomusica.es\/blog\/wp-json\/wp\/v2\/posts\/7413\/revisions\/8896"}],"wp:featuredmedia":[{"embeddable":true,"href":"https:\/\/neomusica.es\/blog\/wp-json\/wp\/v2\/media\/7417"}],"wp:attachment":[{"href":"https:\/\/neomusica.es\/blog\/wp-json\/wp\/v2\/media?parent=7413"}],"wp:term":[{"taxonomy":"category","embeddable":true,"href":"https:\/\/neomusica.es\/blog\/wp-json\/wp\/v2\/categories?post=7413"},{"taxonomy":"post_tag","embeddable":true,"href":"https:\/\/neomusica.es\/blog\/wp-json\/wp\/v2\/tags?post=7413"}],"curies":[{"name":"wp","href":"https:\/\/api.w.org\/{rel}","templated":true}]}}