{"id":7345,"date":"2021-03-15T12:00:12","date_gmt":"2021-03-15T11:00:12","guid":{"rendered":"https:\/\/neomusica.es\/blog\/?p=7345"},"modified":"2022-10-17T09:37:01","modified_gmt":"2022-10-17T07:37:01","slug":"etapas-de-la-musica","status":"publish","type":"post","link":"https:\/\/neomusica.es\/blog\/etapas-de-la-musica\/","title":{"rendered":"ETAPAS DE LA M\u00daSICA"},"content":{"rendered":"<p><span style=\"font-weight: 400;\">El legado musical que tenemos hoy en d\u00eda, es el resultado de siglos, e incluso milenios, de <\/span><b>historia musical<\/b><span style=\"font-weight: 400;\">. Desde tiempo atr\u00e1s el ser humano ha buscado formas de <\/span><b>comunicarse y expresarse<\/b><span style=\"font-weight: 400;\">, y sin duda alguna, la <\/span><b>m\u00fasica ha sido siempre uno de los mejores canales <\/b><span style=\"font-weight: 400;\">que ha encontrado para hacerlo.\u00a0<\/span><\/p>\n<p><span style=\"font-weight: 400;\">Por ello, en la actualidad, consideramos la m\u00fasica como una de las <\/span><b>m\u00e1s importantes disciplinas del ser humano<\/b><span style=\"font-weight: 400;\"> y una de nuestras mayores<\/span><b> artes y formas de expresi\u00f3n<\/b><span style=\"font-weight: 400;\">.\u00a0<\/span><\/p>\n<p><span style=\"font-weight: 400;\">Lo realmente curioso es ver c\u00f3mo esta disciplina <\/span><b>ha ido evolucionando en sus diferentes etapas<\/b><span style=\"font-weight: 400;\">, desde una simple acci\u00f3n de experimentar con el sonido del propio cuerpo(prehistoria) <\/span><b>hasta llegar a ser una de las industrias que m\u00e1s dinero mueven<\/b><span style=\"font-weight: 400;\"> en todo el mundo, en la actualidad.<\/span><\/p>\n<p><span style=\"font-weight: 400;\">Para entender c\u00f3mo esto ha sido posible, lo mejor es hacer una<\/span><b> breve retrospectiva por las diferentes etapas de la m\u00fasica<\/b><span style=\"font-weight: 400;\">.\u00a0<\/span><\/p>\n<p><span style=\"font-weight: 400;\">\u00bfNos acompa\u00f1as?<\/span><\/p>\n<div id=\"ez-toc-container\" class=\"ez-toc-v2_0_80 counter-hierarchy ez-toc-counter ez-toc-custom ez-toc-container-direction\">\n<p class=\"ez-toc-title\" style=\"cursor:inherit\">TABLA DE CONTENIDOS<\/p>\n<label for=\"ez-toc-cssicon-toggle-item-69ee4d5420fbc\" class=\"ez-toc-cssicon-toggle-label\"><span class=\"\"><span class=\"eztoc-hide\" style=\"display:none;\">Toggle<\/span><span class=\"ez-toc-icon-toggle-span\"><svg style=\"fill: #b69623;color:#b69623\" xmlns=\"http:\/\/www.w3.org\/2000\/svg\" class=\"list-377408\" width=\"20px\" height=\"20px\" viewBox=\"0 0 24 24\" fill=\"none\"><path d=\"M6 6H4v2h2V6zm14 0H8v2h12V6zM4 11h2v2H4v-2zm16 0H8v2h12v-2zM4 16h2v2H4v-2zm16 0H8v2h12v-2z\" fill=\"currentColor\"><\/path><\/svg><svg style=\"fill: #b69623;color:#b69623\" class=\"arrow-unsorted-368013\" xmlns=\"http:\/\/www.w3.org\/2000\/svg\" width=\"10px\" height=\"10px\" viewBox=\"0 0 24 24\" version=\"1.2\" baseProfile=\"tiny\"><path d=\"M18.2 9.3l-6.2-6.3-6.2 6.3c-.2.2-.3.4-.3.7s.1.5.3.7c.2.2.4.3.7.3h11c.3 0 .5-.1.7-.3.2-.2.3-.5.3-.7s-.1-.5-.3-.7zM5.8 14.7l6.2 6.3 6.2-6.3c.2-.2.3-.5.3-.7s-.1-.5-.3-.7c-.2-.2-.4-.3-.7-.3h-11c-.3 0-.5.1-.7.3-.2.2-.3.5-.3.7s.1.5.3.7z\"\/><\/svg><\/span><\/span><\/label><input type=\"checkbox\"  id=\"ez-toc-cssicon-toggle-item-69ee4d5420fbc\" checked aria-label=\"Alternar\" \/><nav><ul class='ez-toc-list ez-toc-list-level-1 ' ><li class='ez-toc-page-1 ez-toc-heading-level-2'><a class=\"ez-toc-link ez-toc-heading-1\" href=\"https:\/\/neomusica.es\/blog\/etapas-de-la-musica\/#Etapa_de_la_Musica_prehistorica\" >Etapa de la M\u00fasica prehist\u00f3rica<\/a><\/li><li class='ez-toc-page-1 ez-toc-heading-level-2'><a class=\"ez-toc-link ez-toc-heading-2\" href=\"https:\/\/neomusica.es\/blog\/etapas-de-la-musica\/#La_musica_en_el_Mundo_Antiguo\" >La m\u00fasica en el Mundo Antiguo\u00a0<\/a><\/li><li class='ez-toc-page-1 ez-toc-heading-level-2'><a class=\"ez-toc-link ez-toc-heading-3\" href=\"https:\/\/neomusica.es\/blog\/etapas-de-la-musica\/#La_musica_en_la_Edad_Media\" >La m\u00fasica en la Edad Media\u00a0<\/a><\/li><li class='ez-toc-page-1 ez-toc-heading-level-2'><a class=\"ez-toc-link ez-toc-heading-4\" href=\"https:\/\/neomusica.es\/blog\/etapas-de-la-musica\/#Etapa_de_la_musica_renacentista\" >Etapa de la m\u00fasica renacentista<\/a><\/li><li class='ez-toc-page-1 ez-toc-heading-level-2'><a class=\"ez-toc-link ez-toc-heading-5\" href=\"https:\/\/neomusica.es\/blog\/etapas-de-la-musica\/#Etapa_de_la_musica_clasica\" >Etapa de la m\u00fasica cl\u00e1sica\u00a0<\/a><ul class='ez-toc-list-level-3' ><li class='ez-toc-heading-level-3'><a class=\"ez-toc-link ez-toc-heading-6\" href=\"https:\/\/neomusica.es\/blog\/etapas-de-la-musica\/#Etapa_de_la_musica_barroca\" >Etapa de la m\u00fasica barroca<\/a><\/li><li class='ez-toc-page-1 ez-toc-heading-level-3'><a class=\"ez-toc-link ez-toc-heading-7\" href=\"https:\/\/neomusica.es\/blog\/etapas-de-la-musica\/#Etapa_de_la_musica_clasicista\" >Etapa de la m\u00fasica clasicista\u00a0<\/a><\/li><li class='ez-toc-page-1 ez-toc-heading-level-3'><a class=\"ez-toc-link ez-toc-heading-8\" href=\"https:\/\/neomusica.es\/blog\/etapas-de-la-musica\/#La_musica_durante_el_Romanticismo\" >La m\u00fasica durante el Romanticismo<\/a><\/li><li class='ez-toc-page-1 ez-toc-heading-level-3'><a class=\"ez-toc-link ez-toc-heading-9\" href=\"https:\/\/neomusica.es\/blog\/etapas-de-la-musica\/#Etapa_de_la_musica_impresionista\" >Etapa de la m\u00fasica impresionista<\/a><\/li><\/ul><\/li><li class='ez-toc-page-1 ez-toc-heading-level-2'><a class=\"ez-toc-link ez-toc-heading-10\" href=\"https:\/\/neomusica.es\/blog\/etapas-de-la-musica\/#Etapas_de_la_musica_moderna_y_contemporanea\" >Etapas de la m\u00fasica moderna y \u00a0contempor\u00e1nea<\/a><\/li><\/ul><\/nav><\/div>\n<h2><span class=\"ez-toc-section\" id=\"Etapa_de_la_Musica_prehistorica\"><\/span><b>Etapa de la M\u00fasica prehist\u00f3rica<\/b><span class=\"ez-toc-section-end\"><\/span><\/h2>\n<ul>\n<li style=\"font-weight: 400;\" aria-level=\"1\"><b>Duraci\u00f3n de la etapa:<\/b><span style=\"font-weight: 400;\"> 50.000 a 5.000 antes de Cristo<\/span><\/li>\n<\/ul>\n<p><img loading=\"lazy\" decoding=\"async\" class=\"aligncenter wp-image-7348\" title=\"prehistoria etapas de la mu\u0301sica\" src=\"https:\/\/neomusica.es\/blog\/wp-content\/uploads\/2021\/03\/prehistoria-etapas-de-la-mu\u0301sica-300x197.jpg\" alt=\"prehistoria etapas de la mu\u0301sica\" width=\"282\" height=\"185\" srcset=\"https:\/\/neomusica.es\/blog\/wp-content\/uploads\/2021\/03\/prehistoria-etapas-de-la-mu\u0301sica-300x197.jpg 300w, https:\/\/neomusica.es\/blog\/wp-content\/uploads\/2021\/03\/prehistoria-etapas-de-la-mu\u0301sica.jpg 457w\" sizes=\"auto, (max-width: 282px) 100vw, 282px\" \/><\/p>\n<p><span style=\"font-weight: 400;\">Mediante los diferentes estudios e investigaciones arqueol\u00f3gicas, hemos sido capaces de representar la m\u00fasica de aquella lejana \u00e9poca. Los objetos y s\u00edmbolos hallados, nos han permitido hacernos una idea cercana del modo de comunicarse de nuestros antepasados, as\u00ed como de los primeros contactos con la m\u00fasica que existieron. Si bien es cierto, pese a producirse en esta etapa, <\/span><b>el origen de la m\u00fasica<\/b><span style=\"font-weight: 400;\">, en muchas ocasiones, los sonidos se empleaban m\u00e1s <\/span><b>como una estrategia de caza o a modo de ritual<\/b><span style=\"font-weight: 400;\">.<\/span><\/p>\n<h2><span class=\"ez-toc-section\" id=\"La_musica_en_el_Mundo_Antiguo\"><\/span><b>La m\u00fasica en el Mundo Antiguo\u00a0<\/b><span class=\"ez-toc-section-end\"><\/span><\/h2>\n<ul>\n<li style=\"font-weight: 400;\" aria-level=\"1\"><b>Duraci\u00f3n de la etapa: <\/b><span style=\"font-weight: 400;\">5.000 antes de Cristo a 476 despu\u00e9s de Cristo<\/span><\/li>\n<\/ul>\n<p><img loading=\"lazy\" decoding=\"async\" class=\"aligncenter wp-image-7349 size-medium\" title=\"mu\u0301sica antigua etapas de la mu\u0301sica\" src=\"https:\/\/neomusica.es\/blog\/wp-content\/uploads\/2021\/03\/mu\u0301sica-antigua-etapas-de-la-mu\u0301sica-300x225.jpg\" alt=\"mu\u0301sica antigua etapas de la mu\u0301sica\" width=\"300\" height=\"225\" srcset=\"https:\/\/neomusica.es\/blog\/wp-content\/uploads\/2021\/03\/mu\u0301sica-antigua-etapas-de-la-mu\u0301sica-300x225.jpg 300w, https:\/\/neomusica.es\/blog\/wp-content\/uploads\/2021\/03\/mu\u0301sica-antigua-etapas-de-la-mu\u0301sica-768x576.jpg 768w, https:\/\/neomusica.es\/blog\/wp-content\/uploads\/2021\/03\/mu\u0301sica-antigua-etapas-de-la-mu\u0301sica-600x450.jpg 600w, https:\/\/neomusica.es\/blog\/wp-content\/uploads\/2021\/03\/mu\u0301sica-antigua-etapas-de-la-mu\u0301sica.jpg 800w\" sizes=\"auto, (max-width: 300px) 100vw, 300px\" \/><\/p>\n<p><span style=\"font-weight: 400;\">Durante el desarrollo del Mundo Antiguo y la <\/span><b>aparici\u00f3n de las primeras civilizaciones<\/b><span style=\"font-weight: 400;\">(China, Egipto, Grecia, Roma\u2026) la m\u00fasica experiment\u00f3 una notable evoluci\u00f3n.<\/span><\/p>\n<p><span style=\"font-weight: 400;\">Lo m\u00e1s destacable, pudo ser la aparici\u00f3n de <\/span><b>los primeros instrumentos musicales<\/b><span style=\"font-weight: 400;\">(arpa, oboe&#8230;), escalas musicales, <\/span><b>representaciones teatrales con acompa\u00f1amiento musical, los primeros cantos gregorianos, escala pentat\u00f3nicas<\/b><span style=\"font-weight: 400;\">&#8230; entre otros avances musicales.<\/span><\/p>\n<p><span style=\"font-weight: 400;\">Si bien es cierto, durante esta \u00e9poca, la <\/span><b>m\u00fasica segu\u00eda estando reservada a unos pocos afortunados<\/b><span style=\"font-weight: 400;\">, situados en lo alto de la escala social (sacerdotes, acad\u00e9micos\u2026)<\/span><\/p>\n<h2><span class=\"ez-toc-section\" id=\"La_musica_en_la_Edad_Media\"><\/span><b>La m\u00fasica en la Edad Media\u00a0<\/b><span class=\"ez-toc-section-end\"><\/span><\/h2>\n<ul>\n<li style=\"font-weight: 400;\" aria-level=\"1\"><b>Duraci\u00f3n de la etapa:<\/b><span style=\"font-weight: 400;\"> a\u00f1os 476 a 1450<\/span><\/li>\n<\/ul>\n<p><span style=\"font-weight: 400;\">Si por algo destaca esta etapa de la m\u00fasica, es por la <\/span><b>repercusi\u00f3n de los cantos gregorianos<\/b><span style=\"font-weight: 400;\">, de naturaleza lit\u00fargica. Gracias a la trascendencia de estos ritos cristianos, se empez\u00f3 a <\/span><b>constituir el sistema de escritura musical: notas musicales, primeros tetragramas<\/b><span style=\"font-weight: 400;\">(como el pentagrama pero de 4 l\u00edneas)&#8230;<\/span><\/p>\n<p><span style=\"font-weight: 400;\">Tambi\u00e9n, durante esta etapa de la m\u00fasica, empezaron a congregarse los<\/span><b> primeros juglares y trovadores.<\/b><span style=\"font-weight: 400;\"> Su oficio consist\u00eda en vagar de un lado para el otro, como artistas ambulantes, que ten\u00edan el objetivo de entretener en festividades y ceremonias. La herencia que dejaron en cuanto a<\/span><b> narrativa y l\u00edrica <\/b><span style=\"font-weight: 400;\">fue muy considerable.<\/span><\/p>\n<h2><span class=\"ez-toc-section\" id=\"Etapa_de_la_musica_renacentista\"><\/span><b>Etapa de la m\u00fasica renacentista<\/b><span class=\"ez-toc-section-end\"><\/span><\/h2>\n<ul>\n<li style=\"font-weight: 400;\" aria-level=\"1\"><b>Duraci\u00f3n de la etapa:\u00a0 <\/b><span style=\"font-weight: 400;\">a\u00f1os 1450 a 1600<\/span><\/li>\n<\/ul>\n<p><img loading=\"lazy\" decoding=\"async\" class=\"aligncenter wp-image-7350 size-medium\" title=\"renacimiento etapas de la mu\u0301sica\" src=\"https:\/\/neomusica.es\/blog\/wp-content\/uploads\/2021\/03\/renacimiento-etapas-de-la-mu\u0301sica-300x272.jpg\" alt=\"renacimiento etapas de la mu\u0301sica\" width=\"300\" height=\"272\" srcset=\"https:\/\/neomusica.es\/blog\/wp-content\/uploads\/2021\/03\/renacimiento-etapas-de-la-mu\u0301sica-300x272.jpg 300w, https:\/\/neomusica.es\/blog\/wp-content\/uploads\/2021\/03\/renacimiento-etapas-de-la-mu\u0301sica.jpg 516w\" sizes=\"auto, (max-width: 300px) 100vw, 300px\" \/><\/p>\n<p><span style=\"font-weight: 400;\">Importante tambi\u00e9n la etapa musical que se desarroll\u00f3 durante el Renacimiento. Hablamos de un momento hist\u00f3rico en la disciplina de la m\u00fasica, ya que conceptos como <\/span><b>polifon\u00eda, melod\u00eda, intervalos o t\u00e9cnicas de composici\u00f3n e improvisaci\u00f3n <\/b><span style=\"font-weight: 400;\">(como el <\/span><b>contrapunto<\/b><span style=\"font-weight: 400;\">) empiezan a definirse, trabajarse y estudiarse de forma m\u00e1s detallada.<\/span><\/p>\n<p><span style=\"font-weight: 400;\">En esta \u00e9poca se empiezan a <\/span><b>clasificar y diferenciar los diferentes estilos musicales <\/b><span style=\"font-weight: 400;\">seg\u00fan su funci\u00f3n o intencionalidad: <\/span><b>m\u00fasica religiosa(misas) m\u00fasica popular(villancicos), m\u00fasica instrumental de acompa\u00f1amiento(canzona), entre otras muchas.<\/b><\/p>\n<h2><span class=\"ez-toc-section\" id=\"Etapa_de_la_musica_clasica\"><\/span><b>Etapa de la m\u00fasica cl\u00e1sica\u00a0<\/b><span class=\"ez-toc-section-end\"><\/span><\/h2>\n<p><b>Duraci\u00f3n de la etapa:<\/b> <span style=\"font-weight: 400;\">a\u00f1os 1600 a 1910<\/span><\/p>\n<p><span style=\"font-weight: 400;\">Este per\u00edodo fue decisivo en cuanto a la definici\u00f3n de las formas y estructuras musicales. Dentro de esta etapa, podemos encontrar<\/span><b> varias subetapas<\/b><span style=\"font-weight: 400;\"> con caracter\u00edsticas particulares. \u00a1Ve\u00e1moslas!<\/span><\/p>\n<h3><span class=\"ez-toc-section\" id=\"Etapa_de_la_musica_barroca\"><\/span><strong>Etapa de la m\u00fasica barroca<\/strong><span class=\"ez-toc-section-end\"><\/span><\/h3>\n<ul>\n<li style=\"font-weight: 400;\" aria-level=\"1\"><b>Duraci\u00f3n de la etapa:<\/b><span style=\"font-weight: 400;\"> a\u00f1os 1600 a 1750<\/span><\/li>\n<\/ul>\n<p><span style=\"font-weight: 400;\">La barroca se desarroll\u00f3 notablemente en pa\u00edses europeos como<\/span><b> Italia, Alemania, Inglaterra, Francia y Espa\u00f1a,<\/b><span style=\"font-weight: 400;\"> en una \u00e9poca de <\/span><b>auge para la m\u00fasica y el arte en general.<\/b><span style=\"font-weight: 400;\"> Durante esta etapa, <\/span><b>la m\u00fasica era muy utilizada como<\/b> <b>elemento propagand\u00edstico <\/b><span style=\"font-weight: 400;\">utilizado por la iglesia y la alta sociedad.<\/span><\/p>\n<p><span style=\"font-weight: 400;\">Por otro lado, <\/span><b>se impuls\u00f3 el lenguaje instrumental de la orquesta <\/b><span style=\"font-weight: 400;\">debido a la gran popularidad de algunos g\u00e9neros musicales como la \u00f3pera. Algunos de los elementos musicales que mejor definen la m\u00fasica barroca podr\u00edan ser:<\/span><\/p>\n<ul>\n<li style=\"font-weight: 400;\" aria-level=\"1\"><span style=\"font-weight: 400;\">Invenci\u00f3n del concepto de tonalidad<\/span><\/li>\n<li style=\"font-weight: 400;\" aria-level=\"1\"><span style=\"font-weight: 400;\">Grandes contrastes de sonoridad<\/span><\/li>\n<li style=\"font-weight: 400;\" aria-level=\"1\"><span style=\"font-weight: 400;\">Claridad en los ritmos de comp\u00e1s<\/span><\/li>\n<li style=\"font-weight: 400;\" aria-level=\"1\"><span style=\"font-weight: 400;\">Textura bipolar (varias voces simult\u00e1neamente)<\/span><\/li>\n<li style=\"font-weight: 400;\" aria-level=\"1\"><span style=\"font-weight: 400;\">Innovaci\u00f3n en t\u00e9cnicas de acompa\u00f1amiento(bajos continuos)<\/span><\/li>\n<li style=\"font-weight: 400;\" aria-level=\"1\"><span style=\"font-weight: 400;\">Nuevas progresiones de acordes<\/span><\/li>\n<li style=\"font-weight: 400;\" aria-level=\"1\"><span style=\"font-weight: 400;\">Notoriedad de la t\u00e9cnica de improvisaci\u00f3n<\/span><\/li>\n<\/ul>\n<p><span style=\"font-weight: 400;\">Adem\u00e1s, dentro de esta \u00e9poca se consolidan formas musicales muy conocidas como <\/span><b>la \u00f3pera, el concierto, la sonata o el oratorio<\/b><span style=\"font-weight: 400;\"> y otras quiz\u00e1s no tan populares como la <\/span><b>cantata o el motete.<\/b><\/p>\n<p><span style=\"font-weight: 400;\">Por \u00faltimo, entre los compositores m\u00e1s destacables durante el barroco, encontramos un repertorio de m\u00fasicos influyentes en la historia de la m\u00fasica, realmente sorprendente: <\/span><b>Georg Friedrich H\u00e4ndel, Georg Phillip Telemann, Jean-Baptiste Lully, Henry Purcell, Domenico Scarlatti, Claudio Moteverdi<\/b><span style=\"font-weight: 400;\"> y los famos\u00edsimos compositores <\/span><b>Antonio Vivaldi y<\/b> <b>Johann Sebastian Bach<\/b><span style=\"font-weight: 400;\">.<\/span><\/p>\n<h3><span class=\"ez-toc-section\" id=\"Etapa_de_la_musica_clasicista\"><\/span><strong>Etapa de la m\u00fasica clasicista\u00a0<\/strong><span class=\"ez-toc-section-end\"><\/span><\/h3>\n<p><b>Duraci\u00f3n de la etapa: <\/b><span style=\"font-weight: 400;\">a\u00f1os 1750 a 1800<\/span><\/p>\n<p><img loading=\"lazy\" decoding=\"async\" class=\"aligncenter wp-image-7351 \" title=\"orquesta musical\" src=\"https:\/\/neomusica.es\/blog\/wp-content\/uploads\/2021\/03\/orquesta-musical-300x200.jpg\" alt=\"orquesta musical\" width=\"297\" height=\"198\" srcset=\"https:\/\/neomusica.es\/blog\/wp-content\/uploads\/2021\/03\/orquesta-musical-300x200.jpg 300w, https:\/\/neomusica.es\/blog\/wp-content\/uploads\/2021\/03\/orquesta-musical-600x399.jpg 600w, https:\/\/neomusica.es\/blog\/wp-content\/uploads\/2021\/03\/orquesta-musical.jpg 640w\" sizes=\"auto, (max-width: 297px) 100vw, 297px\" \/><\/p>\n<p><span style=\"font-weight: 400;\">La m\u00fasica del clasicismo se caracteriza por la<\/span><b> claridad, consistencia y simetr\u00eda de la tonalidad. <\/b><span style=\"font-weight: 400;\">Su foco de difusi\u00f3n empieza en <\/span><b>Viena(Austria)<\/b><span style=\"font-weight: 400;\"> y se propaga r\u00e1pidamente hacia<\/span><b> Francia y Alemania<\/b><span style=\"font-weight: 400;\"> (sobre todo a sus capitales).<\/span><\/p>\n<p><span style=\"font-weight: 400;\">En general el clasicismo, en contraposici\u00f3n al barroco(sobrecarga, excesos..), <\/span><b>persigue la naturalidad, simpleza y claridad de las formas<\/b><span style=\"font-weight: 400;\">, no solo en la m\u00fasica, si no en todo su arte en general.<\/span><\/p>\n<p><span style=\"font-weight: 400;\">Por primera vez en la historia de las diferentes etapas de la m\u00fasica, la m\u00fasica empieza a estar m\u00e1s al alcance. Ya no solo pertenece a la alta aristocracia, si no que <\/span><b>empieza a ser propagada por la burgues\u00eda y est\u00e1 al alcance de mucha m\u00e1s gente.<\/b><\/p>\n<p><span style=\"font-weight: 400;\">Algunos de los artistas compositores m\u00e1s relevantes de esta \u00e9poca podr\u00edan ser: <\/span><b>Franz Joseph Haydn, Antonio Salieri, Luigi Boccherini, N\u00edccolo Paganini <\/b><span style=\"font-weight: 400;\">y el mism\u00edsimo<\/span><b> Wolfgang Amadeus Mozart.<\/b><\/p>\n<h3><span class=\"ez-toc-section\" id=\"La_musica_durante_el_Romanticismo\"><\/span><strong>La m\u00fasica durante el Romanticismo<\/strong><span class=\"ez-toc-section-end\"><\/span><\/h3>\n<p><b>Duraci\u00f3n de la etapa: <\/b><span style=\"font-weight: 400;\">a\u00f1os 1800 a 1860<\/span><\/p>\n<p><span style=\"font-weight: 400;\">Otra de las m\u00e1s importantes etapas de la m\u00fasica, sucedi\u00f3 durante el Romanticismo. Tr\u00e1s el legado de las etapas anteriores, en esta \u00e9poca, la m\u00fasica se sumerge en un <\/span><b>contexto mucho m\u00e1s po\u00e9tico.<\/b><span style=\"font-weight: 400;\"> As\u00ed pues, avanza hacia la <\/span><b>b\u00fasqueda de la expresi\u00f3n sentimental, el individualismo, la reflexi\u00f3n de la vida, la expresividad, el exotismo y la naturaleza.<\/b><\/p>\n<p><span style=\"font-weight: 400;\">En t\u00e9rminos musicales, se producen muchos avances, <\/span><b>cambios en las tonalidades, de armon\u00eda, mayor rango, cromatismo<\/b><span style=\"font-weight: 400;\">\u2026 y se produjo una importante <\/span><b>ampliaci\u00f3n de la variedad y el n\u00famero de instrumentos incluidos en las orquestas.<\/b><\/p>\n<p><span style=\"font-weight: 400;\">De esta \u00e9poca, podemos resaltar artistas muy conocidos de la talla de <\/span><b>Ludwig Van Beethoven, Franz Liszt, Friedric Chopin, Richard Wagner, Johannes Brahms<\/b><span style=\"font-weight: 400;\">,<\/span><b> Robert Schuman, Gustav Malher, Giuseppe Verdi, Franz Schubert, Piotr Ilich Tchaikovsky, Sergei Rachmaninoff.<\/b><\/p>\n<h3><span class=\"ez-toc-section\" id=\"Etapa_de_la_musica_impresionista\"><\/span><strong>Etapa de la m\u00fasica impresionista<\/strong><span class=\"ez-toc-section-end\"><\/span><\/h3>\n<p><b>Duraci\u00f3n de la etapa: <\/b><span style=\"font-weight: 400;\">a\u00f1os 1860 a 1910<\/span><\/p>\n<p><span style=\"font-weight: 400;\">Durante los 50 a\u00f1os que dur\u00f3 la etapa del Impresionismo, la m\u00fasica se desarroll\u00f3 en torno al concepto de <\/span><b>libertad de creatividad y de ritmo.<\/b><\/p>\n<p><span style=\"font-weight: 400;\">Este movimiento se origin\u00f3 en<\/span><b> Francia<\/b><span style=\"font-weight: 400;\">, y m\u00e1s all\u00e1 de ser un movimiento art\u00edstico, se ll<\/span><b>eg\u00f3 a considerar un movimiento ideol\u00f3gico,<\/b><span style=\"font-weight: 400;\"> por todo lo que representaba.<\/span><\/p>\n<p><span style=\"font-weight: 400;\">Algunos de los referentes m\u00e1s importantes de esta \u00e9poca son: <\/span><b>Claude Debussy, Camille Saint-Sa\u00ebns, D\u00e9odant de S\u00e9verac<\/b><span style=\"font-weight: 400;\">, <\/span><b>Maurice Ravel, Manuel de Falla, Isaac Alb\u00e9niz Gabriel Faur\u00e9 y Erik Satie, <\/b><span style=\"font-weight: 400;\">entre otros.<\/span><\/p>\n<h2><span class=\"ez-toc-section\" id=\"Etapas_de_la_musica_moderna_y_contemporanea\"><\/span><b>Etapas de la m\u00fasica moderna y \u00a0contempor\u00e1nea<\/b><span class=\"ez-toc-section-end\"><\/span><\/h2>\n<ul>\n<li style=\"font-weight: 400;\" aria-level=\"1\"><b>Duraci\u00f3n de la etapa:\u00a0 <\/b><span style=\"font-weight: 400;\">a\u00f1os 1910 a 2021<\/span><\/li>\n<\/ul>\n<p><img loading=\"lazy\" decoding=\"async\" class=\"aligncenter wp-image-7353 size-medium\" title=\"dj mu\u0301sica moderna\" src=\"https:\/\/neomusica.es\/blog\/wp-content\/uploads\/2021\/03\/dj-mu\u0301sica-moderna-300x200.jpg\" alt=\"dj mu\u0301sica moderna\" width=\"300\" height=\"200\" srcset=\"https:\/\/neomusica.es\/blog\/wp-content\/uploads\/2021\/03\/dj-mu\u0301sica-moderna-300x200.jpg 300w, https:\/\/neomusica.es\/blog\/wp-content\/uploads\/2021\/03\/dj-mu\u0301sica-moderna.jpg 600w\" sizes=\"auto, (max-width: 300px) 100vw, 300px\" \/><\/p>\n<p><span style=\"font-weight: 400;\">Y despu\u00e9s de un largo recorrido, llegamos a lo que ser\u00eda la <\/span><b>\u00faltima etapa de la m\u00fasica<\/b><span style=\"font-weight: 400;\">. Gracias a todos los progresos musicales alcanzados durante siglos, podemos llegar a entender y disfrutar de la m\u00fasica, tal y como la conocemos hoy en d\u00eda.<\/span><\/p>\n<p><span style=\"font-weight: 400;\">La m\u00fasica moderna se caracteriza por su<\/span><b> gran abanico de posibilidades, rupturas de tonalidades, nuevas t\u00e9cnicas, nuevos instrumentos musicales<\/b><span style=\"font-weight: 400;\">\u2026 Concretamente el <\/span><b>dodecafonismo<\/b><span style=\"font-weight: 400;\">, es un sistema de composici\u00f3n atonal, propio de esta \u00e9poca y que revolucion\u00f3 el concepto anterior, al utilizar 12 notas de la escala crom\u00e1tica con absoluta libertad.<\/span><\/p>\n<p><span style=\"font-weight: 400;\">Por supuesto, esta \u00e9poca, ha estado directamente condicionada a <\/span><b>las nuevas tecnolog\u00edas y la aparici\u00f3n de Internet y los formatos digitales,<\/b><span style=\"font-weight: 400;\"> tanto por la manera en que se puede producir m\u00fasica, como la<\/span><b> facilidad para difundirla y compartirla<\/b><span style=\"font-weight: 400;\"> de manera universal.\u00a0<\/span><\/p>\n<p><span style=\"font-weight: 400;\">La m\u00fasica dej\u00f3 de ser algo disfrutable \u00fanicamente mediante \u201cel directo\u201d para convertirse en un archivo almacenable y compartible gracias a formatos como el CD, el mp3\u2026 hasta llegar a <\/span><a href=\"https:\/\/neomusica.es\/blog\/el-streaming-y-la-musica-oportunidad-o-debilidad\/\"><span style=\"font-weight: 400;\">la m\u00fasica streaming<\/span><\/a><span style=\"font-weight: 400;\"> que consumimos en la actualidad.<\/span><\/p>\n<p><span style=\"font-weight: 400;\">Por supuesto, la m\u00fasica dej\u00f3 de ser solo m\u00fasica, para transformarse en negocio, llegando a ser una de las mayores industrias de nuestros tiempos<\/span><\/p>\n<p><span style=\"font-weight: 400;\">Cabe destacar, que dentro de esta \u00faltima etapa, podemos distinguir tambi\u00e9n <\/span><b>varias sub-etapas muy caracter\u00edsticas y diferenciables<\/b><span style=\"font-weight: 400;\"> en el tiempo: la m\u00fasica acad\u00e9mica (1910-1950), la m\u00fasica popular(<\/span><span style=\"font-weight: 400;\">rock, pop, funk, folk, jazz, reggae, bossa nova, salsa<\/span><span style=\"font-weight: 400;\">) y la m\u00fasica actual(electr\u00f3nica, trap, folktronica\u2026).\u00a0<\/span><\/p>\n<p><i><span style=\"font-weight: 400;\">\u201cLo cierto es que hablar de todo esto, dar\u00eda para otro post<\/span><\/i><span style=\"font-weight: 400;\">\u2026 \u201d<\/span><\/p>\n<p><span style=\"font-weight: 400;\">As\u00ed que, como hab\u00e9is podido ver, la m\u00fasica ha \u201cdisfrutado\u201d de muchas etapas distintas hasta constituirse a d\u00eda de hoy. Todas ellas \u00fanicas y con un valor cultural impresionante, condicionadas a la \u00e9poca, ideolog\u00eda, momento hist\u00f3rico, geograf\u00eda, tecnolog\u00eda\u2026 Viendo la evoluci\u00f3n de la m\u00fasica durante tanto tiempo, es inevitable preguntarse \u00bfHacia d\u00f3nde avanza la m\u00fasica? \u00bf C\u00f3mo ser\u00e1 la m\u00fasica en el futuro?\u00a0<\/span><\/p>\n<p><span style=\"font-weight: 400;\">Quiz\u00e1s hablemos de ello en otro momento\u2026 \ud83d\ude09<\/span><\/p>\n<p><span style=\"font-weight: 400;\">\u00a0\u00a1Hasta la pr\u00f3xima!<\/span><\/p>\n","protected":false},"excerpt":{"rendered":"<p>El legado musical que tenemos hoy en d\u00eda, es el resultado de siglos, e incluso milenios, de historia musical. Desde tiempo atr\u00e1s el ser humano ha buscado formas de comunicarse y expresarse, y sin duda alguna, la m\u00fasica ha sido&#8230;<\/p>\n","protected":false},"author":6,"featured_media":7354,"comment_status":"open","ping_status":"open","sticky":false,"template":"","format":"standard","meta":{"_joinchat":[],"footnotes":""},"categories":[49],"tags":[],"class_list":["post-7345","post","type-post","status-publish","format-standard","has-post-thumbnail","hentry","category-formacion-musical"],"_links":{"self":[{"href":"https:\/\/neomusica.es\/blog\/wp-json\/wp\/v2\/posts\/7345","targetHints":{"allow":["GET"]}}],"collection":[{"href":"https:\/\/neomusica.es\/blog\/wp-json\/wp\/v2\/posts"}],"about":[{"href":"https:\/\/neomusica.es\/blog\/wp-json\/wp\/v2\/types\/post"}],"author":[{"embeddable":true,"href":"https:\/\/neomusica.es\/blog\/wp-json\/wp\/v2\/users\/6"}],"replies":[{"embeddable":true,"href":"https:\/\/neomusica.es\/blog\/wp-json\/wp\/v2\/comments?post=7345"}],"version-history":[{"count":1,"href":"https:\/\/neomusica.es\/blog\/wp-json\/wp\/v2\/posts\/7345\/revisions"}],"predecessor-version":[{"id":7355,"href":"https:\/\/neomusica.es\/blog\/wp-json\/wp\/v2\/posts\/7345\/revisions\/7355"}],"wp:featuredmedia":[{"embeddable":true,"href":"https:\/\/neomusica.es\/blog\/wp-json\/wp\/v2\/media\/7354"}],"wp:attachment":[{"href":"https:\/\/neomusica.es\/blog\/wp-json\/wp\/v2\/media?parent=7345"}],"wp:term":[{"taxonomy":"category","embeddable":true,"href":"https:\/\/neomusica.es\/blog\/wp-json\/wp\/v2\/categories?post=7345"},{"taxonomy":"post_tag","embeddable":true,"href":"https:\/\/neomusica.es\/blog\/wp-json\/wp\/v2\/tags?post=7345"}],"curies":[{"name":"wp","href":"https:\/\/api.w.org\/{rel}","templated":true}]}}